{
    "title": "Lidl soutient ses collaborateurs face \u00e0 la hausse des prix de l'\u00e9nergie en augmentant l'indemnit\u00e9 kilom\u00e9trique pour les d\u00e9placements en voiture et \u00e0 v\u00e9lo",
    "modified_at": "2026-04-28 14:55:01",
    "published_at": "2026-04-28 14:55:00",
    "url": "https://lidl.prezly.com/lidl-soutient-ses-collaborateurs-face-a-la-hausse-des-prix-de-lenergie-en-augmentant-lindemnite-kilometrique-pour-les-deplacements-en-voiture-et-a-velo",
    "short_url": "http://prez.ly/YLDd",
    "culture": "fr_BE",
    "language": "FR",
    "subtitle": "Lidl Belgique annonce aujourd'hui un soutien financier suppl\u00e9mentaire pour ses collaborateurs. \u00c0 partir du 1er mai, la cha\u00eene de supermarch\u00e9s accordera une intervention accrue pour les trajets domicile-travail effectu\u00e9s avec un v\u00e9hicule personnel, conform\u00e9ment aux dispositions autoris\u00e9es par le gouvernement. Les employ\u00e9s se rendant au travail \u00e0 v\u00e9lo b\u00e9n\u00e9ficieront \u00e9galement d'une indemnit\u00e9 augment\u00e9e. Par cette initiative, le distributeur souhaite att\u00e9nuer l'impact de l'envol\u00e9e des co\u00fbts de l'\u00e9nergie tout en continuant \u00e0 encourager la mobilit\u00e9 durable.",
    "slug": "lidl-soutient-ses-collaborateurs-face-a-la-hausse-des-prix-de-lenergie-en-augmentant-lindemnite-kilometrique-pour-les-deplacements-en-voiture-et-a-velo",
    "body": "<p>Le pouvoir d&#039;achat des m&eacute;nages est sous pression en raison de l&#039;augmentation du co&ucirc;t de la vie et de l&#039;&eacute;nergie. En tant qu&#039;un des plus grands employeurs du secteur de la vente au d&eacute;tail en Belgique, Lidl souhaite envoyer un signal concret &agrave; ses plus de 10 000 collaborateurs travaillant en magasin, en centre de distribution et au si&egrave;ge social.</p><h4 id=\"un-soutien-direct-pour-les-trajets-domicile-travail\" ><strong>Un soutien direct pour les trajets domicile-travail</strong> </h4><p>Cette revalorisation vise sp&eacute;cifiquement &agrave; compenser les frais li&eacute;s aux d&eacute;placements quotidiens avec son propre v&eacute;hicule.</p><blockquote>&laquo; Nos collaborateurs sont le v&eacute;ritable pilier de notre entreprise. Nous sommes tr&egrave;s attentifs aux r&eacute;alit&eacute;s qu&#039;ils nous partagent, notamment face &agrave; l&#039;augmentation du co&ucirc;t de la vie qui impacte leur quotidien &raquo;, d&eacute;clare <strong>Wal&eacute;riane Dubois-Decroix</strong>, porte-parole de Lidl Belgique et Luxembourg.<br>\u200b&laquo; Avec cette intervention temporaire, nous avons voulu agir concr&egrave;tement et sans attendre pour soutenir le pouvoir d&#039;achat de nos &eacute;quipes. C&#039;est une mani&egrave;re de les remercier pour leur engagement et pour tout le travail accompli chaque jour sur le terrain. &raquo;</blockquote><div class=\"release-content-contact\" id=\"contact-66509dcc-d7f5-4bfe-8855-22fa4e53bece\">\n    <div class=\"release-content-contact__avatar\"><img src=\"https://cdn.uc.assets.prezly.com/98e193b1-a084-489e-baf4-c7b10d0282ab/-/crop/3644x3643/128,421/-/preview/-/scale_crop/128x128/center/-/format/auto/\" alt=\"Wal&eacute;riane Dubois-Decroix\" class=\"release-content-contact__avatar-image\" /></div>\n    <div class=\"release-content-contact__details\">\n        <strong class=\"release-content-contact__name\">Wal&eacute;riane Dubois-Decroix</strong>\n        <em class=\"release-content-contact__description\">Porte-parole FR | Lidl Belgique &amp; Luxembourg</em>\n        <ul class=\"release-content-contact__details-list\"><li class=\"release-content-contact__details-list-item\"><a href=\"mailto:waleriane.dubois@lidl.be\"  class=\"release-content-contact__details-list-item-link\" title=\"waleriane.dubois@lidl.be\"><svg class=\"icon icon-paper-plane release-content-contact__details-list-item-icon\">\n                <use xlink:href=\"#icon-paper-plane\"></use>\n            </svg>waleriane.dubois@lidl.be</a></li>\n<li class=\"release-content-contact__details-list-item\"><a href=\"tel:+32 471 61 14 10\"  class=\"release-content-contact__details-list-item-link\" title=\"+32 471 61 14 10\"><svg class=\"icon icon-mobile release-content-contact__details-list-item-icon\">\n                <use xlink:href=\"#icon-mobile\"></use>\n            </svg>+32 471 61 14 10</a></li></ul>\n    </div>\n</div><p>&nbsp;</p>",
    "header": {
        "large": "https://cdn.uc.assets.prezly.com/ae4234c6-1ad8-4f80-b079-aa1c6317b736/-/crop/2038x1005/10,270/-/preview/-/preview/1200x1200/-/format/auto/",
        "release": "https://cdn.uc.assets.prezly.com/ae4234c6-1ad8-4f80-b079-aa1c6317b736/-/crop/2038x1005/10,270/-/preview/-/preview/1200x1200/-/format/auto/"
    },
    "contacts": [
        {
            "name": "Wal\u00e9riane Dubois-Decroix",
            "company": null,
            "description": "Porte-parole FR | Lidl Belgique & Luxembourg",
            "email": "waleriane.dubois@lidl.be",
            "website": null,
            "address": null,
            "telephone": null,
            "mobile": "+32 471 61 14 10",
            "twitter": null,
            "facebook": null
        }
    ],
    "author": {
        "first_name": "Wal\u00e9riane",
        "last_name": "Dubois Decroix"
    },
    "format_version": 5
}